









{"id":1636,"date":"2022-08-23T01:27:45","date_gmt":"2022-08-23T01:27:45","guid":{"rendered":"https:\/\/www.fekoskan.coop\/?p=1636"},"modified":"2022-08-23T01:46:54","modified_gmt":"2022-08-23T01:46:54","slug":"2-juli-2022-viering-van-de-internationale-dag-van-de-cooperaties","status":"publish","type":"post","link":"https:\/\/www.fekoskan.coop\/pap\/2-juli-2022-viering-van-de-internationale-dag-van-de-cooperaties\/","title":{"rendered":"Viering van de Internationale Dag van de Co\u00f6peraties"},"content":{"rendered":"<p>2 juli 2022 &#8211; De International Cooperative Alliance (ICA), de internationale vertegenwoordiging voor co\u00f6peraties wereldwijd, definieert een co\u00f6peratie als: <em>&#8220;Een autonome <\/em><em>organisatie van personen die zich vrijwillig verenigen om hun gemeenschappelijke <\/em><em>economische, sociale en culturele behoeften en ambities te behartigen door middel <\/em><em>van een onderneming waarvan ze samen eigenaar zijn en die ze democratisch <\/em><em>controleren.&#8221;<\/em> Sinds 1922 wordt de Internationale Dag van Co\u00f6peraties, officieel uitgeroepen door de Algemene Vergadering van de Verenigde Naties, jaarlijks gevierd op de eerste zaterdag van juli. Dit jaar voor de 100 ste keer. Het doel van Internationale Dag van de Co\u00f6peratie is om het bewustzijn van co\u00f6peraties te vergroten en de idee\u00ebn van de beweging over internationale solidariteit, economische effici\u00ebntie, gelijkheid en wereldvrede te bevorderen. Sinds 1995 hebben de ICA en de Verenigde Naties via het \u201cCommittee for the Promotion and Advancement of Cooperatives\u201d (COPAC) gezamenlijk het thema bepaald voor de viering van #CoopsDay.<\/p>\n<p>Het thema van dit jaar is \u201cCo\u00f6peraties bouwen aan een betere wereld\u201d. De ICA wil de co\u00f6peratieve gemeenschap en de wereld laten zien hoe co\u00f6peraties een belangrijke bijdrage geven en kunnen geven aan het bouwen van een betere wereld. De ICA nodigt voorstanders van het co\u00f6peratief model overal ter wereld uit om het woord te verspreiden over hoe de co\u00f6peratieve mensgerichte bedrijfsmodus bouwt aan een betere wereld. Dit ge\u00efnspireerd door de co\u00f6peratieve waarden van zelfhulp, zelfverantwoordelijkheid, democratie, gelijkheid, solidariteit en de ethische waarden van eerlijkheid, openheid, sociale verantwoordelijkheid en zorg voor anderen.<\/p>\n<p>Co\u00f6peraties zijn over de hele wereld actief in veel verschillende sectoren van de economie, en hebben bewezen beter bestand te zijn tegen crises. Ze bevorderen economische participatie, strijden tegen aantasting van het milieu en klimaatverandering, scheppen fatsoenlijke banen, dragen bij aan voedselzekerheid, houden financieel kapitaal binnen de lokale gemeenschap, bouwen ethische waardeketens op en dragen bij aan vrede. Kort samengevat: &#8220;Co\u00f6peraties zijn het enige ondernemingsmodel met wereldwijd overeengekomen uitgangspunten die rusten op een fundament van gedeelde ethische waarden&#8221;.<\/p>\n<p>Co\u00f6peratieve organisaties bestaan op Cura\u00e7ao sinds halverwege jaren vijftig. Tegenwoordig bestaat de co\u00f6peratieve beweging van Cura\u00e7ao uit zowel financi\u00eble (Credit Unions) als niet-financi\u00eble co\u00f6peraties. Het totale ledental van Credit Unions bedroeg eind 2021 ruim 32.000, wat betekent dat meer dan 20% van de totale lokale bevolking lid is van een of meer financi\u00eble co\u00f6peraties. Als we kijken naar de werkzame beroepsbevolking is de penetratiegraad ruim 55%. Namelijk alleen werkzame en gepensioneerde personen kunnen nu lid worden van een van de credit unions. Deze cijfers stellen het belang en het effect van co\u00f6peraties in de gemeenschap van Cura\u00e7ao vast.<\/p>\n<p>De jeugd vertegenwoordigt een aanzienlijk aandeel in de totale bevolking. Binnen deze subgroep is de werkloosheid buitengewoon hoog, in 2020, 42,2%. Een belangrijke bijdrage aan de werkloosheid is het gebrek aan praktische vaardigheden om ondernemerschap te ondernemen. Nu is het de kans om dit grote aantal ongebruikte energie\u00ebn te benutten door met financiering via de financi\u00eble co\u00f6peraties (credit unions), gerichte programma&#8217;s voor ondernemerschapsvaardigheden en ondersteund door (co\u00f6peratieve) business incubators aan te bieden. Dus door middel van cocreatie, duurzame economische groei, volledige en productieve werkgelegenheid en fatsoenlijk werk voor iedereen bevorderen.<\/p>\n<p>De bevordering van co\u00f6peraties moet, kan en mag daarom niet los worden gezien van een breder nationaal ontwikkelingsbeleid en programma. Met het accepteren van het \u201cCOOPERATIVE DEVELOPMENT POLICY CURA\u00c7AO\u201d heeft de Cura\u00e7aose overheid in 2021 getoond zich bewust te zijn van het verband tussen co\u00f6peratief ontwikkelingsbeleid en andere nationale ontwikkelingsplannen waarin co\u00f6peratief ontwikkelingsbeleid bij elkaar gebracht moet worden. De bevordering van co\u00f6peraties wordt in dit verband beschouwd als een van de belangrijke aspecten van de nationale economische en sociale ontwikkeling. De welvaart en het welzijn van Cura\u00e7ao hangt onder andere af van het uitbreiden van de ondernemersbasis, en het toepassen van het co\u00f6peratieve model. Het behoud van verantwoordelijke lokale bedrijven die een actieve rol spelen in belangrijke economische en sociale sectoren speelt hierbij een uiterst belangrijke rol.<\/p>\n<p>Bevordering van co\u00f6peratief ondernemerschap dient gepaard te gaan met de bevordering van verbindende samenwerking.\u00a0 Co\u00f6peratief betekent namelijk: gericht op samenwerking en de wil graag samen- of mee te werken. Het gaat erom dat je probeert in de belangen van de anderen of in een gezamenlijk doel te voorzien. Dit zijn juist aspecten waar op Cura\u00e7ao ruimte voor verbetering is.<\/p>\n<p>De \u201cInternational Labour Organization\u201d (ILO) erkende en formuleerde de rol van de co\u00f6peratieve beweging in de gemeenschap (ILO Recommendation 2002-193) als volgt. De lokale co\u00f6peratieve beweging dient volgens zowel de ICA als de ILO, de overheid te helpen bij; het ontwikkelen van een beleidsmatig en juridisch kader voor de bevordering van co\u00f6peraties. Ook helpen bij het ontwikkelen van ondersteuningsprogramma&#8217;s zoals onderzoek, onderwijs, technische training voor co\u00f6peraties, financi\u00eble, technische en commerci\u00eble bedrijfsondersteunende diensten. Daarnaast de bewustmaking, mobilisatie, belangenbehartiging, beheren van eigen ondersteunende diensten en bijdragen aan de financiering ervan.<\/p>\n<p>Co\u00f6peraties dienen bovendien een actieve relatie aan te gaan met werkgevers- en werknemersorganisaties, relevante gouvernementele en niet-gouvernementele instanties en financi\u00eble instellingen voor het scheppen van een gunstig klimaat voor de ontwikkeling van co\u00f6peraties. Verder het bevorderen van de horizontale en verticale integratie van co\u00f6peraties; het investeren in de ontwikkeling van het menselijk potentieel van hun leden, werknemers en managers. De verdere ontwikkeling van, de aansluiting bij nationale en internationale samenwerkingsorganisaties en het vertegenwoordigen van de nationale co\u00f6peratieve beweging op internationaal niveau hoort eveneens tot de speerpunten.<\/p>\n<p>Tijdens het in 2018 gehouden Democratisch Dialoog over co\u00f6peratief beleid was een van de kernvragen aan de vertegenwoordigers van verschillende maatschappelijke sectoren: Welke praktische voorstellen kun je noemen die specifiek de prestaties van Coops of van de co\u00f6peratieve beweging in het algemeen op Cura\u00e7ao kunnen verbeteren? De antwoorden op deze vragen hebben de basis gevormd voor het door de overheid samengestelde beleidsplan. In het beleidsplan is onder meer opgenomen dat er een wettelijk kader moet komen. Deze wetgeving moet co\u00f6peraties beschermen en tegelijkertijd mensen aanmoedigen om een eigen bedrijf te beginnen. Het beleidsplan besteed aandacht aan de invoering van een structuur van educatie en knowhow gebaseerd op de filosofie van het co\u00f6perativisme, op alle niveaus van het onderwijs op het eiland. Dus van primair, middelbaar tot beroepsonderwijs. Dus niet alleen in de vorm van kennis en knowhow, maar ook door co\u00f6perativisme te presenteren als een vorm van (sociaal) ondernemerschap. Bovendien de verankering van een ge\u00efntegreerd co\u00f6peratief onderwijs- en opleidingsinstituut om de toegang tot mogelijke investeringsfondsen voor ontwikkelingssamenwerking te vergemakkelijken.<\/p>\n<p>De kredietunies en andere soorten co\u00f6peraties, spelen bovendien een belangrijke rol bij het bereiken van economische, sociale, milieudoelstellingen en de \u201cgovernance-agenda\u201d zoals vastgelegd in de SDG\u2019s 2030 en geratificeerd door de Cura\u00e7aose overheid. Niet alleen omdat co\u00f6peratieve ondernemingen bedrijven zijn die streven naar de economische vooruitgang van de leden, maar ook omdat ze tegelijkertijd sociaal-culturele belangen vertegenwoordigen en het milieu beschermen. Co\u00f6peraties bieden een alternatief ondernemingsmodel voor bedrijven. De mate waarin ze bijdragen aan duurzame ontwikkeling gaat veel verder dan het scheppen van banen. Omdat het aandeel van co\u00f6peraties in het bbp en het totale aantal bedrijven op Cura\u00e7ao nu relatief klein is, zou het bevorderen en uitbreiden van co\u00f6peraties een belangrijk instrument kunnen zijn om de duurzame ontwikkelingsdoelen (SDG\u2019s) te behalen.<\/p>\n<p>Het decreet ondertekend door de minister van Economische Ontwikkeling op 2 mei 2019 legt de volgende overwegingen vast voor de formulering van het co\u00f6peratief ontwikkelingsbeleid dat de verwezenlijking van de SDG\u2019s ondersteunt. De goedkeuring op 12 december 2018, door de toenmalige regering, van een routekaart voor de invoering en het geven van prioriteit aan de agenda 2030 van de SDG. De bevordering van co\u00f6peraties waardoor een grotere bijdrage kan worden gegeven aan de verwezenlijking van verschillende SDG\u2019s, vooral armoedebestrijding (SDG1), hongerbestrijding (SDG 2), gendergelijkheid (SDG 5), werkgelegenheid en economische groei (SDG 8). Co\u00f6peraties en actoren in het spectrum van de sociale economie dragen onder meer bij aan duurzame en inclusieve groei, hooggekwalificeerde banen, sociale binding, sociale vernieuwing, lokale en regionale ontwikkelingen, milieubescherming en de bestrijding van de werkloosheid, vooral onder jongeren.<\/p>\n<p>Fekoskan heeft, als vertegenwoordiger van de co\u00f6peratieve financi\u00eble sector een belangrijke bijdrage gegeven aan het tot stand komen van het \u201cCOOPERATIVE DEVELOPMENT POLICY CURA\u00c7AO\u201d. Ter ondersteuning van haar rol heeft Fekoskan al in 2018 de Cura\u00e7ao Cooperative Academy (CCA) Stichting opgericht. De CCA is belast met het aanbieden van scholingsprogramma\u2019s aan de leden van de aangesloten credit unions en voor andere co\u00f6peratieve organisaties die ge\u00efnteresseerd zijn. Naast de verschillende eerder ondernomen initiatieven wil de CCA in september van 2022, samen met de University of the West Indies-Cave Hill School of Management, beginnen met de \u201cLeadership Certificate Program\u201d. Dit programma is speciaal bedoeld voor leden en medewerkers van kredietunies die de ambitie hebben om in de toekomst door te groeien naar een leidinggevende positie binnen hun kredietunie.<\/p>\n<p>Daarnaast heeft Fekoskan haar \u201cCooperative Service Center\u201d opgericht en is ze bezig met de opzet van een \u201cCooperative Incubator\u201d. De initiatieven hebben het doel de dienstverlening aan de aangesloten kredietunies en andere co\u00f6peratieve organisaties te diversifi\u00ebren, betaalbaar te maken en voor te bereiden op hun rol, verantwoordelijkheden en taken als entrepreneur. Als representatieve organisatie vertegenwoordigt Fekoskan bovendien de kredietunies bij internationale organisaties als ICA, NCR, CCC-CA en de CCCU. Verder heeft Fekoskan al stappen ondernomen om de samenwerking tussen de lokale kredietunies en overige co\u00f6peratieve organisaties en andere betrokken partijen binnen het co\u00f6peratieve ecosysteem te versterken.<\/p>\n<p>In haar strategische doelstellingen heeft Fekoskan bovendien de te ondernemen stappen, die gericht zijn op het bereiken van toekomstbestendigheid, continu\u00efteit en relevantie van kredietunies en die bijdragen aan het bereiken van de duurzame ontwikkelingsdoelen ge\u00efdentificeerd en uitgewerkt. Fekoskan heeft ook daartoe al stappen ondernomen door samenwerkingsverbanden aan te gaan met zowel lokale als internationale partners.<\/p>\n<p>Fekoskan, als representatieve organisatie van kredietunies, wil niet alleen alle co\u00f6peratieve instellingen, maar ook alle andere stakeholders zoals onderwijsinstellingen, sociale organisaties en de overheid oproepen om gebruik te maken van de positieve effecten en de lessen die we hebben geleerd van de Covid pandemie. Namelijk, \u2018Rebuild better together\u2019, uitdagingen het hoofd bieden met solidariteit en veerkracht. Fekoskan zal dan ook blijven streven om initiatieven te ondernemen ter versterking van de sociaaleconomische situatie op Cura\u00e7ao en is altijd bereid soortgelijke acties van andere stakeholders partijen te ondersteunen. Nu is de tijd om saamhorigheid te tonen en samen te werken in het belang van economische ontwikkeling; bij te dragen aan voedselzekerheid, het behouden van financieel kapitaal binnen de lokale gemeenschap, te bouwen aan ethische waardeketens en bij te dragen aan behoud van vrede. Want dat is de manier waarop praktisch inhoud gegeven kan worden aan het thema van de Internationale Dag van de Co\u00f6peratie, \u201cCo\u00f6peraties bouwen aan een betere wereld\u201d. Dat is waar de<br \/>\nco\u00f6peratieve beweging voor staat.<\/p>","protected":false},"excerpt":{"rendered":"<p>Viering Internationale Dag van de Co\u00f6peraties<\/p>","protected":false},"author":1,"featured_media":1640,"comment_status":"closed","ping_status":"open","sticky":false,"template":"","format":"standard","meta":{"_acf_changed":false,"footnotes":""},"categories":[1],"tags":[],"class_list":["post-1636","post","type-post","status-publish","format-standard","has-post-thumbnail","hentry","category-news"],"acf":[],"yoast_head":"<!-- This site is optimized with the Yoast SEO plugin v27.5 - https:\/\/yoast.com\/product\/yoast-seo-wordpress\/ -->\n<title>Viering van de Internationale Dag van de Co\u00f6peraties - Fekoskan<\/title>\n<meta name=\"robots\" content=\"index, follow, max-snippet:-1, max-image-preview:large, max-video-preview:-1\" \/>\n<link rel=\"canonical\" href=\"https:\/\/www.fekoskan.coop\/pap\/2-juli-2022-viering-van-de-internationale-dag-van-de-cooperaties\/\" \/>\n<meta property=\"og:locale\" content=\"en_US\" \/>\n<meta property=\"og:type\" content=\"article\" \/>\n<meta property=\"og:title\" content=\"Viering van de Internationale Dag van de Co\u00f6peraties - Fekoskan\" \/>\n<meta property=\"og:description\" content=\"Viering Internationale Dag van de Co\u00f6peraties\" \/>\n<meta property=\"og:url\" content=\"https:\/\/www.fekoskan.coop\/pap\/2-juli-2022-viering-van-de-internationale-dag-van-de-cooperaties\/\" \/>\n<meta property=\"og:site_name\" content=\"Fekoskan\" \/>\n<meta property=\"article:published_time\" content=\"2022-08-23T01:27:45+00:00\" \/>\n<meta property=\"article:modified_time\" content=\"2022-08-23T01:46:54+00:00\" \/>\n<meta property=\"og:image\" content=\"https:\/\/www.fekoskan.coop\/wp-content\/uploads\/2022\/08\/Screen-Shot-2022-08-22-at-21.25.51-1024x692.png\" \/>\n\t<meta property=\"og:image:width\" content=\"1024\" \/>\n\t<meta property=\"og:image:height\" content=\"692\" \/>\n\t<meta property=\"og:image:type\" content=\"image\/png\" \/>\n<meta name=\"author\" content=\"Fekoskan\" \/>\n<meta name=\"twitter:card\" content=\"summary_large_image\" \/>\n<meta name=\"twitter:label1\" content=\"Written by\" \/>\n\t<meta name=\"twitter:data1\" content=\"Fekoskan\" \/>\n\t<meta name=\"twitter:label2\" content=\"Est. reading time\" \/>\n\t<meta name=\"twitter:data2\" content=\"9 minutes\" \/>\n<script type=\"application\/ld+json\" class=\"yoast-schema-graph\">{\"@context\":\"https:\\\/\\\/schema.org\",\"@graph\":[{\"@type\":\"Article\",\"@id\":\"https:\\\/\\\/www.fekoskan.coop\\\/2-juli-2022-viering-van-de-internationale-dag-van-de-cooperaties\\\/#article\",\"isPartOf\":{\"@id\":\"https:\\\/\\\/www.fekoskan.coop\\\/2-juli-2022-viering-van-de-internationale-dag-van-de-cooperaties\\\/\"},\"author\":{\"name\":\"Fekoskan\",\"@id\":\"https:\\\/\\\/www.fekoskan.coop\\\/#\\\/schema\\\/person\\\/21d7d4dbb96e5bcc967cea10c62d047b\"},\"headline\":\"Viering van de Internationale Dag van de Co\u00f6peraties\",\"datePublished\":\"2022-08-23T01:27:45+00:00\",\"dateModified\":\"2022-08-23T01:46:54+00:00\",\"mainEntityOfPage\":{\"@id\":\"https:\\\/\\\/www.fekoskan.coop\\\/2-juli-2022-viering-van-de-internationale-dag-van-de-cooperaties\\\/\"},\"wordCount\":1810,\"image\":{\"@id\":\"https:\\\/\\\/www.fekoskan.coop\\\/2-juli-2022-viering-van-de-internationale-dag-van-de-cooperaties\\\/#primaryimage\"},\"thumbnailUrl\":\"https:\\\/\\\/www.fekoskan.coop\\\/wp-content\\\/uploads\\\/2022\\\/08\\\/Screen-Shot-2022-08-22-at-21.25.51.png\",\"articleSection\":[\"News\"],\"inLanguage\":\"pap-CW\"},{\"@type\":\"WebPage\",\"@id\":\"https:\\\/\\\/www.fekoskan.coop\\\/2-juli-2022-viering-van-de-internationale-dag-van-de-cooperaties\\\/\",\"url\":\"https:\\\/\\\/www.fekoskan.coop\\\/2-juli-2022-viering-van-de-internationale-dag-van-de-cooperaties\\\/\",\"name\":\"Viering van de Internationale Dag van de Co\u00f6peraties - Fekoskan\",\"isPartOf\":{\"@id\":\"https:\\\/\\\/www.fekoskan.coop\\\/#website\"},\"primaryImageOfPage\":{\"@id\":\"https:\\\/\\\/www.fekoskan.coop\\\/2-juli-2022-viering-van-de-internationale-dag-van-de-cooperaties\\\/#primaryimage\"},\"image\":{\"@id\":\"https:\\\/\\\/www.fekoskan.coop\\\/2-juli-2022-viering-van-de-internationale-dag-van-de-cooperaties\\\/#primaryimage\"},\"thumbnailUrl\":\"https:\\\/\\\/www.fekoskan.coop\\\/wp-content\\\/uploads\\\/2022\\\/08\\\/Screen-Shot-2022-08-22-at-21.25.51.png\",\"datePublished\":\"2022-08-23T01:27:45+00:00\",\"dateModified\":\"2022-08-23T01:46:54+00:00\",\"author\":{\"@id\":\"https:\\\/\\\/www.fekoskan.coop\\\/#\\\/schema\\\/person\\\/21d7d4dbb96e5bcc967cea10c62d047b\"},\"inLanguage\":\"pap-CW\",\"potentialAction\":[{\"@type\":\"ReadAction\",\"target\":[\"https:\\\/\\\/www.fekoskan.coop\\\/2-juli-2022-viering-van-de-internationale-dag-van-de-cooperaties\\\/\"]}]},{\"@type\":\"ImageObject\",\"inLanguage\":\"pap-CW\",\"@id\":\"https:\\\/\\\/www.fekoskan.coop\\\/2-juli-2022-viering-van-de-internationale-dag-van-de-cooperaties\\\/#primaryimage\",\"url\":\"https:\\\/\\\/www.fekoskan.coop\\\/wp-content\\\/uploads\\\/2022\\\/08\\\/Screen-Shot-2022-08-22-at-21.25.51.png\",\"contentUrl\":\"https:\\\/\\\/www.fekoskan.coop\\\/wp-content\\\/uploads\\\/2022\\\/08\\\/Screen-Shot-2022-08-22-at-21.25.51.png\",\"width\":1744,\"height\":1178},{\"@type\":\"WebSite\",\"@id\":\"https:\\\/\\\/www.fekoskan.coop\\\/#website\",\"url\":\"https:\\\/\\\/www.fekoskan.coop\\\/\",\"name\":\"Fekoskan\",\"description\":\"Federation of Credit Unions\",\"potentialAction\":[{\"@type\":\"SearchAction\",\"target\":{\"@type\":\"EntryPoint\",\"urlTemplate\":\"https:\\\/\\\/www.fekoskan.coop\\\/?s={search_term_string}\"},\"query-input\":{\"@type\":\"PropertyValueSpecification\",\"valueRequired\":true,\"valueName\":\"search_term_string\"}}],\"inLanguage\":\"pap-CW\"},{\"@type\":\"Person\",\"@id\":\"https:\\\/\\\/www.fekoskan.coop\\\/#\\\/schema\\\/person\\\/21d7d4dbb96e5bcc967cea10c62d047b\",\"name\":\"Fekoskan\",\"image\":{\"@type\":\"ImageObject\",\"inLanguage\":\"pap-CW\",\"@id\":\"https:\\\/\\\/secure.gravatar.com\\\/avatar\\\/d363f456ac762aea8ff0fed20a2385f435086cfb022be29f279398ff58855e6b?s=96&d=mm&r=g\",\"url\":\"https:\\\/\\\/secure.gravatar.com\\\/avatar\\\/d363f456ac762aea8ff0fed20a2385f435086cfb022be29f279398ff58855e6b?s=96&d=mm&r=g\",\"contentUrl\":\"https:\\\/\\\/secure.gravatar.com\\\/avatar\\\/d363f456ac762aea8ff0fed20a2385f435086cfb022be29f279398ff58855e6b?s=96&d=mm&r=g\",\"caption\":\"Fekoskan\"},\"sameAs\":[\"https:\\\/\\\/www.fekoskan.coop\"],\"url\":\"https:\\\/\\\/www.fekoskan.coop\\\/pap\\\/author\\\/fekoskan\\\/\"}]}<\/script>\n<!-- \/ Yoast SEO plugin. -->","yoast_head_json":{"title":"Viering van de Internationale Dag van de Co\u00f6peraties - Fekoskan","robots":{"index":"index","follow":"follow","max-snippet":"max-snippet:-1","max-image-preview":"max-image-preview:large","max-video-preview":"max-video-preview:-1"},"canonical":"https:\/\/www.fekoskan.coop\/pap\/2-juli-2022-viering-van-de-internationale-dag-van-de-cooperaties\/","og_locale":"en_US","og_type":"article","og_title":"Viering van de Internationale Dag van de Co\u00f6peraties - Fekoskan","og_description":"Viering Internationale Dag van de Co\u00f6peraties","og_url":"https:\/\/www.fekoskan.coop\/pap\/2-juli-2022-viering-van-de-internationale-dag-van-de-cooperaties\/","og_site_name":"Fekoskan","article_published_time":"2022-08-23T01:27:45+00:00","article_modified_time":"2022-08-23T01:46:54+00:00","og_image":[{"width":1024,"height":692,"url":"https:\/\/www.fekoskan.coop\/wp-content\/uploads\/2022\/08\/Screen-Shot-2022-08-22-at-21.25.51-1024x692.png","type":"image\/png"}],"author":"Fekoskan","twitter_card":"summary_large_image","twitter_misc":{"Written by":"Fekoskan","Est. reading time":"9 minutes"},"schema":{"@context":"https:\/\/schema.org","@graph":[{"@type":"Article","@id":"https:\/\/www.fekoskan.coop\/2-juli-2022-viering-van-de-internationale-dag-van-de-cooperaties\/#article","isPartOf":{"@id":"https:\/\/www.fekoskan.coop\/2-juli-2022-viering-van-de-internationale-dag-van-de-cooperaties\/"},"author":{"name":"Fekoskan","@id":"https:\/\/www.fekoskan.coop\/#\/schema\/person\/21d7d4dbb96e5bcc967cea10c62d047b"},"headline":"Viering van de Internationale Dag van de Co\u00f6peraties","datePublished":"2022-08-23T01:27:45+00:00","dateModified":"2022-08-23T01:46:54+00:00","mainEntityOfPage":{"@id":"https:\/\/www.fekoskan.coop\/2-juli-2022-viering-van-de-internationale-dag-van-de-cooperaties\/"},"wordCount":1810,"image":{"@id":"https:\/\/www.fekoskan.coop\/2-juli-2022-viering-van-de-internationale-dag-van-de-cooperaties\/#primaryimage"},"thumbnailUrl":"https:\/\/www.fekoskan.coop\/wp-content\/uploads\/2022\/08\/Screen-Shot-2022-08-22-at-21.25.51.png","articleSection":["News"],"inLanguage":"pap-CW"},{"@type":"WebPage","@id":"https:\/\/www.fekoskan.coop\/2-juli-2022-viering-van-de-internationale-dag-van-de-cooperaties\/","url":"https:\/\/www.fekoskan.coop\/2-juli-2022-viering-van-de-internationale-dag-van-de-cooperaties\/","name":"Viering van de Internationale Dag van de Co\u00f6peraties - Fekoskan","isPartOf":{"@id":"https:\/\/www.fekoskan.coop\/#website"},"primaryImageOfPage":{"@id":"https:\/\/www.fekoskan.coop\/2-juli-2022-viering-van-de-internationale-dag-van-de-cooperaties\/#primaryimage"},"image":{"@id":"https:\/\/www.fekoskan.coop\/2-juli-2022-viering-van-de-internationale-dag-van-de-cooperaties\/#primaryimage"},"thumbnailUrl":"https:\/\/www.fekoskan.coop\/wp-content\/uploads\/2022\/08\/Screen-Shot-2022-08-22-at-21.25.51.png","datePublished":"2022-08-23T01:27:45+00:00","dateModified":"2022-08-23T01:46:54+00:00","author":{"@id":"https:\/\/www.fekoskan.coop\/#\/schema\/person\/21d7d4dbb96e5bcc967cea10c62d047b"},"inLanguage":"pap-CW","potentialAction":[{"@type":"ReadAction","target":["https:\/\/www.fekoskan.coop\/2-juli-2022-viering-van-de-internationale-dag-van-de-cooperaties\/"]}]},{"@type":"ImageObject","inLanguage":"pap-CW","@id":"https:\/\/www.fekoskan.coop\/2-juli-2022-viering-van-de-internationale-dag-van-de-cooperaties\/#primaryimage","url":"https:\/\/www.fekoskan.coop\/wp-content\/uploads\/2022\/08\/Screen-Shot-2022-08-22-at-21.25.51.png","contentUrl":"https:\/\/www.fekoskan.coop\/wp-content\/uploads\/2022\/08\/Screen-Shot-2022-08-22-at-21.25.51.png","width":1744,"height":1178},{"@type":"WebSite","@id":"https:\/\/www.fekoskan.coop\/#website","url":"https:\/\/www.fekoskan.coop\/","name":"Fekoskan","description":"Federashon di Union di Kr\u00e9dito","potentialAction":[{"@type":"SearchAction","target":{"@type":"EntryPoint","urlTemplate":"https:\/\/www.fekoskan.coop\/?s={search_term_string}"},"query-input":{"@type":"PropertyValueSpecification","valueRequired":true,"valueName":"search_term_string"}}],"inLanguage":"pap-CW"},{"@type":"Person","@id":"https:\/\/www.fekoskan.coop\/#\/schema\/person\/21d7d4dbb96e5bcc967cea10c62d047b","name":"Fekoskan","image":{"@type":"ImageObject","inLanguage":"pap-CW","@id":"https:\/\/secure.gravatar.com\/avatar\/d363f456ac762aea8ff0fed20a2385f435086cfb022be29f279398ff58855e6b?s=96&d=mm&r=g","url":"https:\/\/secure.gravatar.com\/avatar\/d363f456ac762aea8ff0fed20a2385f435086cfb022be29f279398ff58855e6b?s=96&d=mm&r=g","contentUrl":"https:\/\/secure.gravatar.com\/avatar\/d363f456ac762aea8ff0fed20a2385f435086cfb022be29f279398ff58855e6b?s=96&d=mm&r=g","caption":"Fekoskan"},"sameAs":["https:\/\/www.fekoskan.coop"],"url":"https:\/\/www.fekoskan.coop\/pap\/author\/fekoskan\/"}]}},"_links":{"self":[{"href":"https:\/\/www.fekoskan.coop\/pap\/wp-json\/wp\/v2\/posts\/1636","targetHints":{"allow":["GET"]}}],"collection":[{"href":"https:\/\/www.fekoskan.coop\/pap\/wp-json\/wp\/v2\/posts"}],"about":[{"href":"https:\/\/www.fekoskan.coop\/pap\/wp-json\/wp\/v2\/types\/post"}],"author":[{"embeddable":true,"href":"https:\/\/www.fekoskan.coop\/pap\/wp-json\/wp\/v2\/users\/1"}],"replies":[{"embeddable":true,"href":"https:\/\/www.fekoskan.coop\/pap\/wp-json\/wp\/v2\/comments?post=1636"}],"version-history":[{"count":17,"href":"https:\/\/www.fekoskan.coop\/pap\/wp-json\/wp\/v2\/posts\/1636\/revisions"}],"predecessor-version":[{"id":1650,"href":"https:\/\/www.fekoskan.coop\/pap\/wp-json\/wp\/v2\/posts\/1636\/revisions\/1650"}],"wp:featuredmedia":[{"embeddable":true,"href":"https:\/\/www.fekoskan.coop\/pap\/wp-json\/wp\/v2\/media\/1640"}],"wp:attachment":[{"href":"https:\/\/www.fekoskan.coop\/pap\/wp-json\/wp\/v2\/media?parent=1636"}],"wp:term":[{"taxonomy":"category","embeddable":true,"href":"https:\/\/www.fekoskan.coop\/pap\/wp-json\/wp\/v2\/categories?post=1636"},{"taxonomy":"post_tag","embeddable":true,"href":"https:\/\/www.fekoskan.coop\/pap\/wp-json\/wp\/v2\/tags?post=1636"}],"curies":[{"name":"wp","href":"https:\/\/api.w.org\/{rel}","templated":true}]}}